{"id":575,"date":"2020-02-03T21:41:59","date_gmt":"2020-02-03T20:41:59","guid":{"rendered":"https:\/\/dejeugd.tv\/?p=575"},"modified":"2020-02-04T20:53:31","modified_gmt":"2020-02-04T19:53:31","slug":"ryan-babel-keert-terug-naar-ajax","status":"publish","type":"post","link":"https:\/\/dejeugd.tv\/?p=575","title":{"rendered":"Ryan Babel keert terug naar Ajax"},"content":{"rendered":"\n<p><strong>Ryan Babel keert\nterug naar Amsterdam. De 33-jarige linksbuiten komt tot het einde van het\nseizoen op huurbasis over van het Turkse Galatasaray. De international van het\nNederlands elftal gaat beginnen aan zijn derde periode bij Ajax. <\/strong><\/p>\n\n\n\n<p>Babel groeide op in Amsterdam-Zuidoost en sloot zich in 1998 op 12-jarige\nleeftijd aan bij de jeugdopleiding van Ajax. Babel debuteerde op 1 februari\n2004 op 18-jarige leeftijd tegen ADO Den Haag. Hij maakte meteen indruk dankzij\neen goede invalbeurt. In de volgende seizoenen brak Babel door als een\nbelangrijke speler voor Ajax en na een goed EK-onder 21 wekte hij interesse bij\nveel Engelse clubs.<\/p>\n\n\n\n<p>In de zomer van 2007 was het uiteindelijk Liverpool die aan het langste\neind trok. Babel tekende een contract voor 5 jaar en maakte de overstap naar de\nEngelse club voor 18 miljoen euro. Dankzij deze transfer werd Babel de duurste\nspeler ooit uit de jeugdopleiding van Ajax. Met het veroveren van een\nbasisplaats bij Liverpool had Babel daarentegen moeite. Hij kwam onder kritiek\nte staan van de pers in Engeland en Nederland. Na een korte periode bij het\nDuitse Hoffenheim liet hij zijn contract ontbinden en maakte hij de terugkreeg\nnaar Ajax.<\/p>\n\n\n\n<p>Aan het begin van het seizoen 2012\/2013 tekende Babel een contract bij Ajax\ntot 30 juni 2013. Na een seizoen met voornamelijk invalbeurten maakte hij\ntransfervrij de overstap naar het Turkse Kas\u0131mpa\u015fa SK. Vervolgens dook Babel op\nbij Al-Ain uit de Verenigde Arabische Emiraten en bij Deportivo La Coru\u00f1a uit\nSpanje. Vervolgens keerde Babel terug naar Turkije, ditmaal voor Be\u015fikta\u015f, hier\nvond hij zijn oude vorm weer terug en werd een vaste waarde in het team. Na een\ngoed half seizoen bij Fulham in de Premier League en een goed half seizoen bij\nGalatasaray is het voor Babel tijd voor zijn derde periode bij Ajax. <\/p>\n\n\n\n<p>Ajax heeft de keuze om Babel terug te halen naar Amsterdam gemaakt omdat zowel David Neres als Quincey Promes beide in de eerste seizoenshelft uitvielen met een blessure. Babel word dus voor een half jaar teruggehaald naar Amsterdam om de vleugelpositie in te vullen. <\/p>\n\n\n\n<p>Bronvermelding:<br> <a href=\"https:\/\/nl.wikipedia.org\/wiki\/Ryan_Babel\">https:\/\/nl.wikipedia.org\/wiki\/Ryan_Babel<\/a> <\/p>\n","protected":false},"excerpt":{"rendered":"<p>Ryan Babel keert terug naar Amsterdam. De 33-jarige linksbuiten komt tot het einde van het seizoen op huurbasis over van het Turkse Galatasaray. De international van het Nederlands elftal gaat beginnen aan zijn derde periode bij Ajax. Babel groeide op in Amsterdam-Zuidoost en sloot zich in 1998 op 12-jarige leeftijd aan bij de jeugdopleiding van Ajax. Babel debuteerde op 1 februari 2004 op 18-jarige leeftijd tegen ADO Den Haag. Hij maakte meteen indruk dankzij een goede invalbeurt. In de volgende seizoenen brak Babel door als een belangrijke speler voor Ajax en na een goed EK-onder 21 wekte hij interesse bij veel Engelse clubs. In de zomer van 2007 was het uiteindelijk Liverpool die aan het langste eind trok. Babel tekende een contract voor 5 jaar en maakte de overstap naar de Engelse club voor 18 miljoen euro. Dankzij deze transfer werd Babel de duurste speler ooit uit de jeugdopleiding van Ajax. Met het veroveren van een basisplaats bij Liverpool had Babel daarentegen moeite. Hij kwam onder kritiek te staan van de pers in Engeland en Nederland. Na een korte periode bij het Duitse Hoffenheim liet hij zijn contract ontbinden en maakte hij de terugkreeg naar Ajax. Aan het begin van het seizoen 2012\/2013 tekende Babel een contract bij Ajax tot 30 juni 2013. Na een seizoen met voornamelijk invalbeurten maakte hij transfervrij de overstap naar het Turkse Kas\u0131mpa\u015fa SK. Vervolgens dook Babel op bij Al-Ain uit de Verenigde Arabische Emiraten en bij Deportivo La Coru\u00f1a uit Spanje. Vervolgens keerde Babel terug naar Turkije, ditmaal voor Be\u015fikta\u015f, hier vond hij zijn oude vorm weer terug en werd een vaste waarde in het team. Na een goed half seizoen bij Fulham in de Premier League en een goed half seizoen bij Galatasaray is het voor Babel tijd voor zijn derde periode bij Ajax. Ajax heeft de keuze om Babel terug te halen naar Amsterdam gemaakt omdat zowel David Neres als Quincey Promes beide in de eerste seizoenshelft uitvielen met een blessure. Babel word dus voor een half jaar teruggehaald naar Amsterdam om de vleugelpositie in te vullen. Bronvermelding: https:\/\/nl.wikipedia.org\/wiki\/Ryan_Babel<\/p>\n","protected":false},"author":1,"featured_media":0,"comment_status":"open","ping_status":"open","sticky":false,"template":"","format":"standard","meta":[],"categories":[7],"tags":[],"_links":{"self":[{"href":"https:\/\/dejeugd.tv\/index.php?rest_route=\/wp\/v2\/posts\/575"}],"collection":[{"href":"https:\/\/dejeugd.tv\/index.php?rest_route=\/wp\/v2\/posts"}],"about":[{"href":"https:\/\/dejeugd.tv\/index.php?rest_route=\/wp\/v2\/types\/post"}],"author":[{"embeddable":true,"href":"https:\/\/dejeugd.tv\/index.php?rest_route=\/wp\/v2\/users\/1"}],"replies":[{"embeddable":true,"href":"https:\/\/dejeugd.tv\/index.php?rest_route=%2Fwp%2Fv2%2Fcomments&post=575"}],"version-history":[{"count":2,"href":"https:\/\/dejeugd.tv\/index.php?rest_route=\/wp\/v2\/posts\/575\/revisions"}],"predecessor-version":[{"id":577,"href":"https:\/\/dejeugd.tv\/index.php?rest_route=\/wp\/v2\/posts\/575\/revisions\/577"}],"wp:attachment":[{"href":"https:\/\/dejeugd.tv\/index.php?rest_route=%2Fwp%2Fv2%2Fmedia&parent=575"}],"wp:term":[{"taxonomy":"category","embeddable":true,"href":"https:\/\/dejeugd.tv\/index.php?rest_route=%2Fwp%2Fv2%2Fcategories&post=575"},{"taxonomy":"post_tag","embeddable":true,"href":"https:\/\/dejeugd.tv\/index.php?rest_route=%2Fwp%2Fv2%2Ftags&post=575"}],"curies":[{"name":"wp","href":"https:\/\/api.w.org\/{rel}","templated":true}]}}